{"id":1632,"date":"2025-01-14T11:01:05","date_gmt":"2025-01-14T10:01:05","guid":{"rendered":"https:\/\/svenscholz.de\/?p=1632"},"modified":"2025-01-14T14:50:01","modified_gmt":"2025-01-14T13:50:01","slug":"der-gerechte-welt-denkfehler","status":"publish","type":"post","link":"https:\/\/svenscholz.de\/index.php\/der-gerechte-welt-denkfehler\/","title":{"rendered":"Der &#8222;gerechte Welt&#8220;-Denkfehler"},"content":{"rendered":"\n<p>Einer der destruktivsten kognitiven Verzerrungen ist der Glaube an eine &#8222;gerechte Welt&#8220;, in der Psychologie &#8222;<a href=\"https:\/\/en.wikipedia.org\/wiki\/Just-world_fallacy\" target=\"_blank\" rel=\"noreferrer noopener\">the just world theory<\/a>&#8220; genannt.<\/p>\n\n\n\n<p>Speziell konservative &#8222;Argumentationen&#8220; versuchen Menschen st\u00e4ndig in diesen Bias zu treiben, um Empathie gegen\u00fcber Menschen abzubauen, denen es irgendwie schlecht geht und \u00fcber die Impulsivit\u00e4t der Emotionalisierung Vernunft und rationale \u00dcberlegung m\u00f6glichst gering zu halten.<\/p>\n\n\n\n<p>Denn wenn Leute erfolgreich in das Gef\u00fchl getrieben wurden, dass die <a href=\"https:\/\/www.verywellmind.com\/what-is-the-just-world-phenomenon-2795304\" target=\"_blank\" rel=\"noreferrer noopener\">Probleme oder das Leid anderer Menschen irgendwie &#8222;deren eigene Schuld&#8220; sei<\/a>, nimmt das eigene \u00c4ngste, aber eben auch die Erkenntnis, dass Hilfssysteme, die &#8222;mein Steuergeld&#8220; kosten, nicht nur anderen sondern irgendwann auch mal mir zugute kommen werden, weil die <a href=\"https:\/\/svenscholz.de\/index.php\/gedanken-zur-wahl-mal-wieder\/\">Wahrscheinlichkeit, dass ich oder jemand meines Umfeldes arbeitslos, arbeitsunf\u00e4hig, Pflegefall, l\u00e4nger krank etc<\/a>. wird deutlich h\u00f6her ist als die, dass ich mal Million\u00e4r werde.<\/p>\n\n\n\n<p>Und sorgt daf\u00fcr, dass Menschen am Ende gegen ihre eigenen Interessen w\u00e4hlen. Weil in einer &#8222;gerechten Welt&#8220; die, denen es schlecht geht, ja irgendwie selber verantwortlich f\u00fcr ihr Leid sind und mir das nicht passieren kann, weil ich ja keine falschen Lebensentscheidungen treffe, die mich in \u00fcble Situationen f\u00fchren.<\/p>\n\n\n\n<p>Zu sehen in jeder &#8222;Argumentation&#8220; rund um B\u00fcrgergeld, ALG, Flucht, aber wo es am entlarvendsten ist, auch bei Naturkatastrophen und anderen Dingen, wo die nur vermeintliche Rationalisierung, dass Betroffene irgendwie ja &#8222;selbst Schuld&#8220; seien und deshalb auch keine Empathie geschweige denn Hilfe &#8222;verdienten&#8220;, selbst bei oberfl\u00e4chlichster Betrachtung schon oft obviously l\u00e4cherlich erscheint.<\/p>\n\n\n\n<p>Aber Obacht, liebe progressiveren Menschen: niemand(!) ist vor diesem Bias sicher.<\/p>\n\n\n\n<p>Denn &#8222;Haben den Wald nicht ordentlich geharkt&#8220; oder &#8222;h\u00e4ngen \u00fcberall Regenbogenflaggen auf&#8220; als Grund f\u00fcr ein &#8222;selbst Schuld&#8220;, um Waldbrandopfern Empathie und Hilfe zu verweigern ist nat\u00fcrlich absoluter Unsinn.<\/p>\n\n\n\n<p>Aber &#8222;Geschieht denen Recht, die haben weit mehr zur Erderw\u00e4rmung beigetragen als viele andere&#8220; halt auch.<\/p>\n","protected":false},"excerpt":{"rendered":"<p>Einer der destruktivsten kognitiven Verzerrungen ist der Glaube an eine &#8222;gerechte Welt&#8220;, in der Psychologie &#8222;the just world theory&#8220; genannt. Speziell konservative &#8222;Argumentationen&#8220; versuchen Menschen st\u00e4ndig in diesen Bias zu treiben, um Empathie gegen\u00fcber Menschen abzubauen, denen es irgendwie schlecht geht und \u00fcber die Impulsivit\u00e4t der Emotionalisierung Vernunft und rationale \u00dcberlegung m\u00f6glichst gering zu halten. &hellip; <a href=\"https:\/\/svenscholz.de\/index.php\/der-gerechte-welt-denkfehler\/\" class=\"more-link\"><span class=\"screen-reader-text\">Der &#8222;gerechte Welt&#8220;-Denkfehler<\/span> weiterlesen <span class=\"meta-nav\">&rarr;<\/span><\/a><\/p>\n","protected":false},"author":1,"featured_media":1639,"comment_status":"open","ping_status":"open","sticky":false,"template":"","format":"standard","meta":{"activitypub_content_warning":"","activitypub_content_visibility":"","activitypub_max_image_attachments":3,"activitypub_interaction_policy_quote":"anyone","activitypub_status":"federate","footnotes":""},"categories":[4,14],"tags":[179,178,177,180,176],"class_list":["post-1632","post","type-post","status-publish","format-standard","has-post-thumbnail","hentry","category-gesellschaft","category-kultur","tag-bias","tag-logicalfallacy","tag-logik","tag-manipulation","tag-psychologie"],"_links":{"self":[{"href":"https:\/\/svenscholz.de\/index.php\/wp-json\/wp\/v2\/posts\/1632","targetHints":{"allow":["GET"]}}],"collection":[{"href":"https:\/\/svenscholz.de\/index.php\/wp-json\/wp\/v2\/posts"}],"about":[{"href":"https:\/\/svenscholz.de\/index.php\/wp-json\/wp\/v2\/types\/post"}],"author":[{"embeddable":true,"href":"https:\/\/svenscholz.de\/index.php\/wp-json\/wp\/v2\/users\/1"}],"replies":[{"embeddable":true,"href":"https:\/\/svenscholz.de\/index.php\/wp-json\/wp\/v2\/comments?post=1632"}],"version-history":[{"count":6,"href":"https:\/\/svenscholz.de\/index.php\/wp-json\/wp\/v2\/posts\/1632\/revisions"}],"predecessor-version":[{"id":1642,"href":"https:\/\/svenscholz.de\/index.php\/wp-json\/wp\/v2\/posts\/1632\/revisions\/1642"}],"wp:featuredmedia":[{"embeddable":true,"href":"https:\/\/svenscholz.de\/index.php\/wp-json\/wp\/v2\/media\/1639"}],"wp:attachment":[{"href":"https:\/\/svenscholz.de\/index.php\/wp-json\/wp\/v2\/media?parent=1632"}],"wp:term":[{"taxonomy":"category","embeddable":true,"href":"https:\/\/svenscholz.de\/index.php\/wp-json\/wp\/v2\/categories?post=1632"},{"taxonomy":"post_tag","embeddable":true,"href":"https:\/\/svenscholz.de\/index.php\/wp-json\/wp\/v2\/tags?post=1632"}],"curies":[{"name":"wp","href":"https:\/\/api.w.org\/{rel}","templated":true}]}}