{"id":272,"date":"2009-03-06T09:15:15","date_gmt":"2009-03-06T08:15:15","guid":{"rendered":"http:\/\/www.svenscholz.de\/index.php\/apropos-steuergelder\/"},"modified":"2009-03-06T09:19:36","modified_gmt":"2009-03-06T08:19:36","slug":"apropos-steuergelder","status":"publish","type":"post","link":"https:\/\/svenscholz.de\/index.php\/apropos-steuergelder\/","title":{"rendered":"Apropos Steuergelder"},"content":{"rendered":"<p>Das &#8222;Konjunkturpaket&#8220; wird uns, die wir&#8217;s bekanntlich bezahlen (also die Generationen ab Jahrgang 1960-2134) ja bekanntlich damit verkauft, dass da ein Haufen Kohle ausgegeben w\u00fcrde f\u00fcr Schulen, Bildung, Gesundheit, Infrastruktur und sonstwie der Allgemeinheit zu Gute kommendes. <\/p>\n<p>Ach? Auf eine <a href=\"http:\/\/www.linksfraktion.de\/pressemitteilung.php?artikel=1283609961\" target=\"_blank\">Anfrage der Linken<\/a> wurde <a href=\"http:\/\/blog.tagesschau.de\/?p=5057\" target=\"_blank\">laut tagesschaublog<\/a> folgende Antwort gegeben:<\/p>\n<blockquote><p>F\u00fcr konjunkturst\u00fctzende Ma\u00dfnahmen im Bereich des Investitions- und Ausstattungsbedarfs der Ressorts sollen dem Bundesministerium der Verteidigung 226,17 Mio. Euro zur Verf\u00fcgung stehen.<\/p><\/blockquote>\n<p>Das tagesschaublog <a href=\"http:\/\/blog.tagesschau.de\/?p=5057\" target=\"_blank\">z\u00e4hlt weiterhin auf, was es daf\u00fcr gibt<\/a>:<\/p>\n<blockquote><p>[&#8230;] unter anderem 1000 Maschinenpistolen vom Typ MP7, 34 Dingo2 (ein Art gepanzerter Unimog f\u00fcr Patrouillenfahrten), zehn Fennek-Sp\u00e4hwagen und 37 zum Teil gepanzerte Tanklaster. Au\u00dferdem gibt&#8217;s zur Bescherung noch Minenjagdausr\u00fcstung, chirurgische Instrumente, Zelte, Stromgeneratoren, Toilettenanlagen (nein, keine gepanzerten Dixi-Klos) und ein &#8222;schocksicheres&#8220; Mehrzweck-Messboot (Kostenpunkt:23 Millionen Euro) [&#8230;]<\/p><\/blockquote>\n<p>Kann das sein, dass sich da wer einen Haufen Kohle abzweigt, weil einfach die Gelegenheit zu g\u00fcnstig erscheint? Fast eine viertel Milliarde, das ist ja nicht gerade Portokasse, das ist schon richtig kr\u00e4ftig reingelangt in den gro\u00dfen Topf. <\/p>\n","protected":false},"excerpt":{"rendered":"<p>Das &#8222;Konjunkturpaket&#8220; wird uns, die wir&#8217;s bekanntlich bezahlen (also die Generationen ab Jahrgang 1960-2134) ja bekanntlich damit verkauft, dass da ein Haufen Kohle ausgegeben w\u00fcrde f\u00fcr Schulen, Bildung, Gesundheit, Infrastruktur und sonstwie der Allgemeinheit zu Gute kommendes. Ach? Auf eine Anfrage der Linken wurde laut tagesschaublog folgende Antwort gegeben: F\u00fcr konjunkturst\u00fctzende Ma\u00dfnahmen im Bereich des &hellip; <a href=\"https:\/\/svenscholz.de\/index.php\/apropos-steuergelder\/\" class=\"more-link\"><span class=\"screen-reader-text\">Apropos Steuergelder<\/span> weiterlesen <span class=\"meta-nav\">&rarr;<\/span><\/a><\/p>\n","protected":false},"author":1,"featured_media":0,"comment_status":"open","ping_status":"open","sticky":false,"template":"","format":"standard","meta":{"activitypub_content_warning":"","activitypub_content_visibility":"","activitypub_max_image_attachments":3,"activitypub_interaction_policy_quote":"anyone","activitypub_status":"","footnotes":""},"categories":[3,15],"tags":[],"class_list":["post-272","post","type-post","status-publish","format-standard","hentry","category-politik","category-wirtschaft"],"_links":{"self":[{"href":"https:\/\/svenscholz.de\/index.php\/wp-json\/wp\/v2\/posts\/272","targetHints":{"allow":["GET"]}}],"collection":[{"href":"https:\/\/svenscholz.de\/index.php\/wp-json\/wp\/v2\/posts"}],"about":[{"href":"https:\/\/svenscholz.de\/index.php\/wp-json\/wp\/v2\/types\/post"}],"author":[{"embeddable":true,"href":"https:\/\/svenscholz.de\/index.php\/wp-json\/wp\/v2\/users\/1"}],"replies":[{"embeddable":true,"href":"https:\/\/svenscholz.de\/index.php\/wp-json\/wp\/v2\/comments?post=272"}],"version-history":[{"count":0,"href":"https:\/\/svenscholz.de\/index.php\/wp-json\/wp\/v2\/posts\/272\/revisions"}],"wp:attachment":[{"href":"https:\/\/svenscholz.de\/index.php\/wp-json\/wp\/v2\/media?parent=272"}],"wp:term":[{"taxonomy":"category","embeddable":true,"href":"https:\/\/svenscholz.de\/index.php\/wp-json\/wp\/v2\/categories?post=272"},{"taxonomy":"post_tag","embeddable":true,"href":"https:\/\/svenscholz.de\/index.php\/wp-json\/wp\/v2\/tags?post=272"}],"curies":[{"name":"wp","href":"https:\/\/api.w.org\/{rel}","templated":true}]}}