{"id":334,"date":"2009-08-08T00:05:39","date_gmt":"2009-08-07T23:05:39","guid":{"rendered":"http:\/\/www.svenscholz.de\/index.php\/links-for-2009-08-07\/"},"modified":"2009-08-08T00:05:39","modified_gmt":"2009-08-07T23:05:39","slug":"links-for-2009-08-07","status":"publish","type":"post","link":"https:\/\/svenscholz.de\/index.php\/links-for-2009-08-07\/","title":{"rendered":"links for 2009-08-07"},"content":{"rendered":"<ul class=\"delicious\">\n<li>\n<div class=\"delicious-link\"><a href=\"http:\/\/www.zeit.de\/2009\/33\/Sicherheitswahn?page=1\">Staatliche \u00dcberwachung: Sicherheit total | ZEIT ONLINE<\/a><\/div>\n<div class=\"delicious-extended\">Wie jeden Morgen rufen Sie Ihre privaten E-Mails ab. Die sind schon \u00fcberpr\u00fcft worden &#8211; nicht nur von Ihrem Virenscanner. Sie rufen noch die eine oder andere Webseite auf &#8211; die Kripo wei\u00df, welche, wenn sie m\u00f6chte, und kann das auch in sechs Monaten noch \u00fcberpr\u00fcfen. Sie nehmen schnell noch eine \u00dcberweisung vor &#8211; die Beh\u00f6rden wissen, an wen. Zum Gl\u00fcck hei\u00dfen Sie M\u00fcller, das sch\u00fctzt ein wenig. Bei Ihrem Kollegen Tarik al-Sultan, der neulich zum Bergsteigen in Kaschmir war, verschickt der Computer gerade den gesamten Inhalt der Festplatte an den Verfassungsschutz. Greifen Sie etwa gerade nach dem Telefon, um mit Tarik etwas Vertrauliches zu besprechen, das nicht ins B\u00fcro geh\u00f6rt? Lassen Sie es lieber sein. Besuchen Sie ihn zu Hause, wenn Sie ungest\u00f6rt reden wollen. Es sei denn, Tarik wurde als Gef\u00e4hrder eingestuft, weil er regelm\u00e4\u00dfig Geld an seinen arbeitslosen Cousin in Pakistan schickt. Dann ist seine Wohnung ohnehin verwanzt.<\/div>\n<div class=\"delicious-tags\">(tags: <a href=\"http:\/\/delicious.com\/sentense\/%C3%9Cberwachung\">\u00dcberwachung<\/a> <a href=\"http:\/\/delicious.com\/sentense\/Sicherheit\">Sicherheit<\/a> <a href=\"http:\/\/delicious.com\/sentense\/Politik\">Politik<\/a> <a href=\"http:\/\/delicious.com\/sentense\/Lauschangriff\">Lauschangriff<\/a> <a href=\"http:\/\/delicious.com\/sentense\/B%C3%BCrgerrechte\">B\u00fcrgerrechte<\/a> <a href=\"http:\/\/delicious.com\/sentense\/Paranoia\">Paranoia<\/a>)<\/div>\n<\/li>\n<li>\n<div class=\"delicious-link\"><a href=\"http:\/\/www.taz.de\/1\/leben\/internet\/artikel\/1\/nicht-alle-wissen-dass-wir-existieren\/\">Captain der Piratenpartei \u00fcber Netzwerke: &quot;Nicht alle wissen, dass wir existieren&quot; &#8211; taz.de<\/a><\/div>\n<div class=\"delicious-extended\">Ja, unser Hauptproblem ist nach wie vor, dass noch nicht jeder von unserer Existenz \u00fcberhaupt wei\u00df. Als zweites muss dann auch noch vermittelt werden, dass wir f\u00fcr B\u00fcrgerrechte und Freiheit im Informationszeitalter, also der Gesellschaft von heute und morgen k\u00e4mpfen. Wenn wir das gen\u00fcgend Menschen vermitteln k\u00f6nnen, dann haben wir gro\u00dfe Chancen bei der Bundestagswahl.<\/div>\n<div class=\"delicious-tags\">(tags: <a href=\"http:\/\/delicious.com\/sentense\/politik\">politik<\/a> <a href=\"http:\/\/delicious.com\/sentense\/Piraten\">Piraten<\/a> <a href=\"http:\/\/delicious.com\/sentense\/Piratenpartei\">Piratenpartei<\/a> <a href=\"http:\/\/delicious.com\/sentense\/TAZ\">TAZ<\/a> <a href=\"http:\/\/delicious.com\/sentense\/Interview\">Interview<\/a>)<\/div>\n<\/li>\n<li>\n<div class=\"delicious-link\"><a href=\"http:\/\/wiki.piratenpartei.de\/Urheberrecht\">Urheberrecht &#8211; Piratenwiki<\/a><\/div>\n<div class=\"delicious-extended\">Als Teil unseres Programms erarbeiten wir gerade ein alternatives Urheberrecht. Zwar sind wir uns \u00fcber viele T\u00fccken des Bisherigen einig, allerdings kristallisieren sich unsere konkreten \u00c4nderungsvorschl\u00e4ge erst langsam aus der hitzigen Diskussion heraus. Im Moment spielen dabei insbesondere m\u00f6gliche alternative Verg\u00fctungssysteme eine Rolle.<\/div>\n<div class=\"delicious-tags\">(tags: <a href=\"http:\/\/delicious.com\/sentense\/Piratenparten\">Piratenparten<\/a> <a href=\"http:\/\/delicious.com\/sentense\/Piraten\">Piraten<\/a> <a href=\"http:\/\/delicious.com\/sentense\/Urheberrecht\">Urheberrecht<\/a> <a href=\"http:\/\/delicious.com\/sentense\/Politik\">Politik<\/a>)<\/div>\n<\/li>\n<\/ul>\n","protected":false},"excerpt":{"rendered":"<p>Staatliche \u00dcberwachung: Sicherheit total | ZEIT ONLINE Wie jeden Morgen rufen Sie Ihre privaten E-Mails ab. Die sind schon \u00fcberpr\u00fcft worden &#8211; nicht nur von Ihrem Virenscanner. Sie rufen noch die eine oder andere Webseite auf &#8211; die Kripo wei\u00df, welche, wenn sie m\u00f6chte, und kann das auch in sechs Monaten noch \u00fcberpr\u00fcfen. Sie nehmen &hellip; <a href=\"https:\/\/svenscholz.de\/index.php\/links-for-2009-08-07\/\" class=\"more-link\"><span class=\"screen-reader-text\">links for 2009-08-07<\/span> weiterlesen <span class=\"meta-nav\">&rarr;<\/span><\/a><\/p>\n","protected":false},"author":1,"featured_media":0,"comment_status":"open","ping_status":"open","sticky":false,"template":"","format":"standard","meta":{"activitypub_content_warning":"","activitypub_content_visibility":"","activitypub_max_image_attachments":3,"activitypub_interaction_policy_quote":"anyone","activitypub_status":"","footnotes":""},"categories":[8],"tags":[],"class_list":["post-334","post","type-post","status-publish","format-standard","hentry","category-fremdlesen"],"_links":{"self":[{"href":"https:\/\/svenscholz.de\/index.php\/wp-json\/wp\/v2\/posts\/334","targetHints":{"allow":["GET"]}}],"collection":[{"href":"https:\/\/svenscholz.de\/index.php\/wp-json\/wp\/v2\/posts"}],"about":[{"href":"https:\/\/svenscholz.de\/index.php\/wp-json\/wp\/v2\/types\/post"}],"author":[{"embeddable":true,"href":"https:\/\/svenscholz.de\/index.php\/wp-json\/wp\/v2\/users\/1"}],"replies":[{"embeddable":true,"href":"https:\/\/svenscholz.de\/index.php\/wp-json\/wp\/v2\/comments?post=334"}],"version-history":[{"count":0,"href":"https:\/\/svenscholz.de\/index.php\/wp-json\/wp\/v2\/posts\/334\/revisions"}],"wp:attachment":[{"href":"https:\/\/svenscholz.de\/index.php\/wp-json\/wp\/v2\/media?parent=334"}],"wp:term":[{"taxonomy":"category","embeddable":true,"href":"https:\/\/svenscholz.de\/index.php\/wp-json\/wp\/v2\/categories?post=334"},{"taxonomy":"post_tag","embeddable":true,"href":"https:\/\/svenscholz.de\/index.php\/wp-json\/wp\/v2\/tags?post=334"}],"curies":[{"name":"wp","href":"https:\/\/api.w.org\/{rel}","templated":true}]}}