{"id":343,"date":"2009-09-24T07:05:06","date_gmt":"2009-09-24T06:05:06","guid":{"rendered":"http:\/\/www.svenscholz.de\/index.php\/links-for-2009-09-23\/"},"modified":"2009-09-24T07:05:06","modified_gmt":"2009-09-24T06:05:06","slug":"links-for-2009-09-23","status":"publish","type":"post","link":"https:\/\/svenscholz.de\/index.php\/links-for-2009-09-23\/","title":{"rendered":"links for 2009-09-23"},"content":{"rendered":"<ul class=\"delicious\">\n<li>\n<div class=\"delicious-link\"><a href=\"http:\/\/www.freitag.de\/datenbank\/freitag\/2009\/39\/wahlkampf-spd-wahlkampfzentrale-insider\/\">No we can&#8217;t &#8222;\u201d Der Freitag<\/a><\/div>\n<div class=\"delicious-extended\">[&#8230;] Ich h\u00f6re mit, wie man \u00fcber den in der Krise wiederentdeckten &#8222;Markenkern soziale Gerechtigkeit&#8220; spricht, nippe an meinem Glas. &#8222;Ein fragw\u00fcrdiges Wort&#8220;, gebe ich ungefragt zu bedenken. &#8222;Kr\u00e4useln sich da nur mir die Haare? Das ist Marketingsprache!&#8220; Die kleine Gruppe aus Werbern und Politiker-Mitarbeitern, in deren Gespr\u00e4ch ich mich eingemischt habe, grinst unsicher, nickt mir zu, setzt das Gespr\u00e4ch fort. Klingt dieser Begriff nur in meinen Ohren so falsch? Es wird, so scheint mir, der sozialen Gerechtigkeit nicht gerecht, als Markenkern herhalten zu m\u00fcssen, als strategische Komponente, Verpackungsbotschaft f\u00fcr ein Produkt. So werden Werte zu Werbung: ent-wertet. Tickets to nowhere. Und die Verpackung \u00fcbernimmt. So wird die Partei zum Produkt, macht sich selbst zur Ware. Das ist pure FDP! &#8222;Wer den Beweggrund einer Partei in Warensprache packt, verkauft sie. Meistbietend.&#8220; [&#8230;]<\/div>\n<div class=\"delicious-tags\">(tags: <a href=\"http:\/\/delicious.com\/sentense\/SPD\">SPD<\/a> <a href=\"http:\/\/delicious.com\/sentense\/politik\">politik<\/a> <a href=\"http:\/\/delicious.com\/sentense\/btw09\">btw09<\/a> <a href=\"http:\/\/delicious.com\/sentense\/wahlkampf\">wahlkampf<\/a>)<\/div>\n<\/li>\n<\/ul>\n","protected":false},"excerpt":{"rendered":"<p>No we can&#8217;t &#8222;\u201d Der Freitag [&#8230;] Ich h\u00f6re mit, wie man \u00fcber den in der Krise wiederentdeckten &#8222;Markenkern soziale Gerechtigkeit&#8220; spricht, nippe an meinem Glas. &#8222;Ein fragw\u00fcrdiges Wort&#8220;, gebe ich ungefragt zu bedenken. &#8222;Kr\u00e4useln sich da nur mir die Haare? Das ist Marketingsprache!&#8220; Die kleine Gruppe aus Werbern und Politiker-Mitarbeitern, in deren Gespr\u00e4ch ich &hellip; <a href=\"https:\/\/svenscholz.de\/index.php\/links-for-2009-09-23\/\" class=\"more-link\"><span class=\"screen-reader-text\">links for 2009-09-23<\/span> weiterlesen <span class=\"meta-nav\">&rarr;<\/span><\/a><\/p>\n","protected":false},"author":1,"featured_media":0,"comment_status":"open","ping_status":"open","sticky":false,"template":"","format":"standard","meta":{"activitypub_content_warning":"","activitypub_content_visibility":"","activitypub_max_image_attachments":3,"activitypub_interaction_policy_quote":"anyone","activitypub_status":"","footnotes":""},"categories":[8],"tags":[],"class_list":["post-343","post","type-post","status-publish","format-standard","hentry","category-fremdlesen"],"_links":{"self":[{"href":"https:\/\/svenscholz.de\/index.php\/wp-json\/wp\/v2\/posts\/343","targetHints":{"allow":["GET"]}}],"collection":[{"href":"https:\/\/svenscholz.de\/index.php\/wp-json\/wp\/v2\/posts"}],"about":[{"href":"https:\/\/svenscholz.de\/index.php\/wp-json\/wp\/v2\/types\/post"}],"author":[{"embeddable":true,"href":"https:\/\/svenscholz.de\/index.php\/wp-json\/wp\/v2\/users\/1"}],"replies":[{"embeddable":true,"href":"https:\/\/svenscholz.de\/index.php\/wp-json\/wp\/v2\/comments?post=343"}],"version-history":[{"count":0,"href":"https:\/\/svenscholz.de\/index.php\/wp-json\/wp\/v2\/posts\/343\/revisions"}],"wp:attachment":[{"href":"https:\/\/svenscholz.de\/index.php\/wp-json\/wp\/v2\/media?parent=343"}],"wp:term":[{"taxonomy":"category","embeddable":true,"href":"https:\/\/svenscholz.de\/index.php\/wp-json\/wp\/v2\/categories?post=343"},{"taxonomy":"post_tag","embeddable":true,"href":"https:\/\/svenscholz.de\/index.php\/wp-json\/wp\/v2\/tags?post=343"}],"curies":[{"name":"wp","href":"https:\/\/api.w.org\/{rel}","templated":true}]}}