{"id":402,"date":"2010-10-01T07:58:02","date_gmt":"2010-10-01T06:58:02","guid":{"rendered":"http:\/\/www.svenscholz.de\/index.php\/die-eskalation-in-stuttgart-ist-nicht-einfach-passiert\/"},"modified":"2010-10-01T18:06:55","modified_gmt":"2010-10-01T17:06:55","slug":"die-eskalation-in-stuttgart-ist-nicht-einfach-passiert","status":"publish","type":"post","link":"https:\/\/svenscholz.de\/index.php\/die-eskalation-in-stuttgart-ist-nicht-einfach-passiert\/","title":{"rendered":"Die Eskalation in Stuttgart ist nicht einfach &#8222;passiert&#8220;"},"content":{"rendered":"<p>Falls sich jemand fragt, warum das gestern bei der Stuttgart21-Demo so geknallt hat: Nein, ich bin nicht der Meinung, dass das &#8222;passiert&#8220; ist, ich denke, dass das &#8222;gewollt&#8220; war: Strategisch war es schlicht  der richtige Zeitpunkt, von Deeskalation auf Eskalation zu wechseln, und ich unterstelle, dass das genau deshalb zu diesem Zeitpunkt erfolgte. <\/p>\n<p>Eine Eskalation bringt nichts, wenn man sie nur &#8222;ein bisschen&#8220;\u009d macht, &#8222;ein bisschen&#8220;\u009d w\u00e4re im Gegenteil ein Indiz f\u00fcr ein Entgleiten der Situation, das kann passieren, h\u00e4tten aber alle Beteiligten so eigentlich nicht gewollt. Hier gab es aber nunmal einen deutlichen Sprung, was IMO eine bewusste Entscheidung vorraussetzt und ich das, was da gestern passierte, als genau so &#8222;Gewollt&#8220; anzusehen habe. Wenn eine Eskalation &#8222;wirken&#8220; soll, muss sie einen deutlichen Unterschied zu &#8222;vorher&#8220; haben, um eine Schockwirkung zu erzielen. Und damit Angst, Unsicherheit und \u00fcber Ohnmacht letztlich auch Resignation zu verursachen.<\/p>\n<p>Der Zeitpunkt ist deshalb &#8222;gut&#8220;, weil zu bef\u00fcrchten stand, dass es &#8222;schlimmer&#8220;\u009d wird, wenn nicht jetzt &#8222;gestoppt&#8220;\u009d wird. Man hatte lange gewartet (und gehofft), dass die Demo-Lust vor allem auch mit Anbruch des Herbstes mit Regen und K\u00e4lte von alleine abflaut und man im Herbst halbwegs ohne Gegenwehr mit der Arbeit vor Ort beginnen k\u00f6nnte. Das Gegenteil war der Fall und die Tendenz machte wenig &#8222;Hoffnung&#8220;, dass die Arbeit ungest\u00f6rt durchgezogen werden k\u00f6nnte.<\/p>\n<p>Die Message an den gutb\u00fcrgerlichen Normalschwaben wurde deshalb deutlich gesetzt: <strong>wer jetzt noch zu einer Demo geht kann sich seiner k\u00f6rperlichen Unversehrtheit <a href=\"http:\/\/www.taz.de\/1\/zukunft\/schwerpunkt-stuttgart-21\/artikel\/1\/erste-baeume-werden-gefaellt\/\" target=\"_blank\">nicht sicher sein<\/a>. <\/strong><\/p>\n<p>Der Innenminister sagte das dann ja auch hinterher ebenso deutlich, gerichtet an Kinder, M\u00fctter, Eltern: <a href=\"http:\/\/www.youtube.com\/watch?v=Vvnq9nV5GMk\" target=\"_blank\">Wer zu einer Demo geht und dort verletzt wird ist selber Schuld<\/a> wenn er auf&#8217;s Maul kriegt, es ist auch nicht verhandel- geschweige denn verhinderbar, denn es ist eine Zwangsl\u00e4ufigkeit konstruiert, denn man &#8222;m\u00fcsse&#8220;\u009d ja &#8222;das Recht mit allen Mitteln durchsetzen&#8220;\u009d &#8211; Alternativlosigkeit und so, nicht dass man das so wollte, aber es ginge ja nicht anders, da ist dann auch niemand &#8222;Schuld&#8220; au\u00dfer denen, die<a href=\"http:\/\/todamax.kicks-ass.net\/blog\/2010\/krieg-in-stuttgart\/\" target=\"_blank\"> unvorsichtigerweise dahin gehen<\/a>, denn man habe ja &#8222;keine Wahl&#8220;, kennt man ja. <\/p>\n<p>Es ging also schlicht um deutliche und wirksame Abschreckung f\u00fcr die Zukunft unter Inkaufnahme von ein paar Tagen schlechter Presse.<\/p>\n<p><a href=\"http:\/\/jensscholz.com\/index.php\/2010\/09\/30\/vor-dreissig-jahren-eine-umstrittene-baustelle-und-120-000-demonstranten\" target=\"_blank\">Die Strategie ging in den 80gern schon mal auf<\/a>, warum sollte sie heute nicht nochmal funktionieren, denkt man sich da wohl. Es steht zu Bef\u00fcrchten, dass die Strategie auch diesmal wieder aufgeht.<\/p>\n<p>Andererseits: damals gabs weder Internet, noch Digitalfotoapparate, Internethandys, Taschenkameras usw. usf. &#8211; die Frage ist nur: sind diese Techniken schon so weit in der Bev\u00f6lkerung angekommen, dass sie medial und kommunikativ einen Unterschied zu damals bewirken k\u00f6nnen?<\/p>\n<p>P.S.: Die mal wieder deutlich gemachte Priorisierung von Eigentumsrechten (das &#8222;Recht das man durchsetzen muss&#8220; ist ja ein solches, es geht ja darum, \u00fcber den Bauplatz zu verf\u00fcgen) \u00fcber Grundrechte wie k\u00f6rperliche Unversehrtheit oder Demonstrations- und Meinungsfreiheit w\u00e4re ein eigenes, anderes Thema f\u00fcr sich. Zeit m\u00fcsste man haben&#8230;<\/p>\n<p>P.P.S.: Anlass f\u00fcr diesen Artikel war \u00fcbrigens <a href=\"http:\/\/www.dondahlmann.de\/?p=695\" target=\"_blank\">Don Dahlmanns Blogeintrag zur Frage nach der Verh\u00e4ltnism\u00e4\u00dfigkeit<\/a><\/p>\n<p><a href=\"http:\/\/flattr.com\/thing\/1694\/sagichdoch\" target=\"_blank\" style=\"border:0;\"><br \/>\n<img decoding=\"async\" src=\"http:\/\/api.flattr.com\/button\/flattr-badge-large.png\" title=\"Flattr this\" border=\"0\" \/><\/a><\/p>\n","protected":false},"excerpt":{"rendered":"<p>Falls sich jemand fragt, warum das gestern bei der Stuttgart21-Demo so geknallt hat: Nein, ich bin nicht der Meinung, dass das &#8222;passiert&#8220; ist, ich denke, dass das &#8222;gewollt&#8220; war: Strategisch war es schlicht der richtige Zeitpunkt, von Deeskalation auf Eskalation zu wechseln, und ich unterstelle, dass das genau deshalb zu diesem Zeitpunkt erfolgte. Eine Eskalation &hellip; <a href=\"https:\/\/svenscholz.de\/index.php\/die-eskalation-in-stuttgart-ist-nicht-einfach-passiert\/\" class=\"more-link\"><span class=\"screen-reader-text\">Die Eskalation in Stuttgart ist nicht einfach &#8222;passiert&#8220;<\/span> weiterlesen <span class=\"meta-nav\">&rarr;<\/span><\/a><\/p>\n","protected":false},"author":1,"featured_media":0,"comment_status":"open","ping_status":"open","sticky":false,"template":"","format":"standard","meta":{"activitypub_content_warning":"","activitypub_content_visibility":"","activitypub_max_image_attachments":3,"activitypub_interaction_policy_quote":"anyone","activitypub_status":"","footnotes":""},"categories":[4,11,3],"tags":[],"class_list":["post-402","post","type-post","status-publish","format-standard","hentry","category-gesellschaft","category-medien","category-politik"],"_links":{"self":[{"href":"https:\/\/svenscholz.de\/index.php\/wp-json\/wp\/v2\/posts\/402","targetHints":{"allow":["GET"]}}],"collection":[{"href":"https:\/\/svenscholz.de\/index.php\/wp-json\/wp\/v2\/posts"}],"about":[{"href":"https:\/\/svenscholz.de\/index.php\/wp-json\/wp\/v2\/types\/post"}],"author":[{"embeddable":true,"href":"https:\/\/svenscholz.de\/index.php\/wp-json\/wp\/v2\/users\/1"}],"replies":[{"embeddable":true,"href":"https:\/\/svenscholz.de\/index.php\/wp-json\/wp\/v2\/comments?post=402"}],"version-history":[{"count":0,"href":"https:\/\/svenscholz.de\/index.php\/wp-json\/wp\/v2\/posts\/402\/revisions"}],"wp:attachment":[{"href":"https:\/\/svenscholz.de\/index.php\/wp-json\/wp\/v2\/media?parent=402"}],"wp:term":[{"taxonomy":"category","embeddable":true,"href":"https:\/\/svenscholz.de\/index.php\/wp-json\/wp\/v2\/categories?post=402"},{"taxonomy":"post_tag","embeddable":true,"href":"https:\/\/svenscholz.de\/index.php\/wp-json\/wp\/v2\/tags?post=402"}],"curies":[{"name":"wp","href":"https:\/\/api.w.org\/{rel}","templated":true}]}}