{"id":437,"date":"2011-01-06T07:01:45","date_gmt":"2011-01-06T06:01:45","guid":{"rendered":"http:\/\/www.svenscholz.de\/index.php\/links-for-2011-01-05\/"},"modified":"2011-01-06T07:01:45","modified_gmt":"2011-01-06T06:01:45","slug":"links-for-2011-01-05","status":"publish","type":"post","link":"https:\/\/svenscholz.de\/index.php\/links-for-2011-01-05\/","title":{"rendered":"links for 2011-01-05"},"content":{"rendered":"<ul class=\"delicious\">\n<li>\n<div class=\"delicious-link\"><a href=\"http:\/\/www.spreeblick.com\/2011\/01\/05\/you-talkin-to-me\/\">You talkin&#8216; to me? | Spreeblick<\/a><\/div>\n<div class=\"delicious-extended\">[&#8230;]Wir haben ein Jahr der Provokationen hinter uns. Sarrazin, Westerwelle, Schwarzer, und jetzt nocheinmal Sarrazin, dem die FAZ an Weihnachten die erste Seite ihres Feuilletons zur Verf\u00fcgung stellte (wortgleicher Artikel in der S\u00e4chsischen Zeitung, hier noch eine Reaktion von Jakob Augstein nebst Nachtrag). Nach chinesischen Sternzeichen war es das Jahr des Broders. Alle diese Provokateure haben uns weismachen wollen, es ginge ihnen um eine Sache, als w\u00e4ren sie einem h\u00f6heren Zweck verpflichtet und opferten sich nur, um das Thema aufs Tapet zu bringen. Das hat &#8211; gerade im Fall Sarrazin &#8211; zu dem Missverst\u00e4ndnis gef\u00fchrt, hinter dem Schnauzbart den M\u00e4rtyrer durchschimmern zu sehen. Provokateure sind Egozentriker. Es sind Leute, die gerne &#8222;ich&#8220; sagen. [&#8230;]&quot;<\/div>\n<div class=\"delicious-tags\">(tags: <a href=\"http:\/\/www.delicious.com\/sentense\/Sarrazin\">Sarrazin<\/a> <a href=\"http:\/\/www.delicious.com\/sentense\/Provokation\">Provokation<\/a> <a href=\"http:\/\/www.delicious.com\/sentense\/Tabu\">Tabu<\/a> <a href=\"http:\/\/www.delicious.com\/sentense\/Psychologie\">Psychologie<\/a> <a href=\"http:\/\/www.delicious.com\/sentense\/Gesellschaft\">Gesellschaft<\/a>)<\/div>\n<\/li>\n<\/ul>\n","protected":false},"excerpt":{"rendered":"<p>You talkin&#8216; to me? | Spreeblick [&#8230;]Wir haben ein Jahr der Provokationen hinter uns. Sarrazin, Westerwelle, Schwarzer, und jetzt nocheinmal Sarrazin, dem die FAZ an Weihnachten die erste Seite ihres Feuilletons zur Verf\u00fcgung stellte (wortgleicher Artikel in der S\u00e4chsischen Zeitung, hier noch eine Reaktion von Jakob Augstein nebst Nachtrag). Nach chinesischen Sternzeichen war es das &hellip; <a href=\"https:\/\/svenscholz.de\/index.php\/links-for-2011-01-05\/\" class=\"more-link\"><span class=\"screen-reader-text\">links for 2011-01-05<\/span> weiterlesen <span class=\"meta-nav\">&rarr;<\/span><\/a><\/p>\n","protected":false},"author":1,"featured_media":0,"comment_status":"open","ping_status":"open","sticky":false,"template":"","format":"standard","meta":{"activitypub_content_warning":"","activitypub_content_visibility":"","activitypub_max_image_attachments":3,"activitypub_interaction_policy_quote":"anyone","activitypub_status":"","footnotes":""},"categories":[8],"tags":[],"class_list":["post-437","post","type-post","status-publish","format-standard","hentry","category-fremdlesen"],"_links":{"self":[{"href":"https:\/\/svenscholz.de\/index.php\/wp-json\/wp\/v2\/posts\/437","targetHints":{"allow":["GET"]}}],"collection":[{"href":"https:\/\/svenscholz.de\/index.php\/wp-json\/wp\/v2\/posts"}],"about":[{"href":"https:\/\/svenscholz.de\/index.php\/wp-json\/wp\/v2\/types\/post"}],"author":[{"embeddable":true,"href":"https:\/\/svenscholz.de\/index.php\/wp-json\/wp\/v2\/users\/1"}],"replies":[{"embeddable":true,"href":"https:\/\/svenscholz.de\/index.php\/wp-json\/wp\/v2\/comments?post=437"}],"version-history":[{"count":0,"href":"https:\/\/svenscholz.de\/index.php\/wp-json\/wp\/v2\/posts\/437\/revisions"}],"wp:attachment":[{"href":"https:\/\/svenscholz.de\/index.php\/wp-json\/wp\/v2\/media?parent=437"}],"wp:term":[{"taxonomy":"category","embeddable":true,"href":"https:\/\/svenscholz.de\/index.php\/wp-json\/wp\/v2\/categories?post=437"},{"taxonomy":"post_tag","embeddable":true,"href":"https:\/\/svenscholz.de\/index.php\/wp-json\/wp\/v2\/tags?post=437"}],"curies":[{"name":"wp","href":"https:\/\/api.w.org\/{rel}","templated":true}]}}